{"id":3965,"date":"2023-06-21T11:57:11","date_gmt":"2023-06-21T09:57:11","guid":{"rendered":"https:\/\/musiam-paris.com\/?post_type=presse&#038;p=3965"},"modified":"2025-09-24T13:56:57","modified_gmt":"2025-09-24T11:56:57","slug":"cafe-de-la-gare-new-dining-offering-at-the-musee-dorsay-au-coeur-du-chr","status":"publish","type":"presse","link":"https:\/\/musiam-paris.com\/en\/presse\/cafe-de-la-gare-new-dining-offering-at-the-musee-dorsay-au-coeur-du-chr\/","title":{"rendered":"Caf\u00e9 de la Gare: New Dining Offering at the Mus\u00e9e d&#8217;Orsay &#8211; Au C\u0153ur du CHR"},"content":{"rendered":"","protected":false},"featured_media":803,"template":"","meta":{"_acf_changed":false,"inline_featured_image":false},"categorie-presse":[71],"class_list":["post-3965","presse","type-presse","status-publish","has-post-thumbnail","hentry","categorie-presse-musee-d-orsay"],"acf":[],"yoast_head":"<!-- This site is optimized with the Yoast SEO plugin v27.0 - https:\/\/yoast.com\/product\/yoast-seo-wordpress\/ -->\n<title>Caf\u00e9 de la Gare: New Dining Offering at the Mus\u00e9e d&#039;Orsay - Au C\u0153ur du CHR - Musiam<\/title>\n<meta name=\"robots\" content=\"index, follow, max-snippet:-1, max-image-preview:large, max-video-preview:-1\" \/>\n<link rel=\"canonical\" href=\"https:\/\/musiam-paris.com\/en\/presse\/cafe-de-la-gare-new-dining-offering-at-the-musee-dorsay-au-coeur-du-chr\/\" \/>\n<meta property=\"og:locale\" content=\"en_US\" \/>\n<meta property=\"og:type\" content=\"article\" \/>\n<meta property=\"og:title\" content=\"Caf\u00e9 de la Gare: New Dining Offering at the Mus\u00e9e d&#039;Orsay - Au C\u0153ur du CHR - Musiam\" \/>\n<meta property=\"og:url\" content=\"https:\/\/musiam-paris.com\/en\/presse\/cafe-de-la-gare-new-dining-offering-at-the-musee-dorsay-au-coeur-du-chr\/\" \/>\n<meta property=\"og:site_name\" content=\"Musiam\" \/>\n<meta property=\"article:modified_time\" content=\"2025-09-24T11:56:57+00:00\" \/>\n<meta property=\"og:image\" content=\"https:\/\/musiam-paris.com\/wp-content\/uploads\/2024\/12\/CafeDeLaGare-8.jpg\" \/>\n\t<meta property=\"og:image:width\" content=\"1440\" \/>\n\t<meta property=\"og:image:height\" content=\"960\" \/>\n\t<meta property=\"og:image:type\" content=\"image\/jpeg\" \/>\n<meta name=\"twitter:card\" content=\"summary_large_image\" \/>\n<meta name=\"twitter:label1\" content=\"Est. reading time\" \/>\n\t<meta name=\"twitter:data1\" content=\"1 minute\" \/>\n<script type=\"application\/ld+json\" class=\"yoast-schema-graph\">{\"@context\":\"https:\/\/schema.org\",\"@graph\":[{\"@type\":\"WebPage\",\"@id\":\"https:\/\/musiam-paris.com\/en\/presse\/cafe-de-la-gare-new-dining-offering-at-the-musee-dorsay-au-coeur-du-chr\/\",\"url\":\"https:\/\/musiam-paris.com\/en\/presse\/cafe-de-la-gare-new-dining-offering-at-the-musee-dorsay-au-coeur-du-chr\/\",\"name\":\"Caf\u00e9 de la Gare: New Dining Offering at the Mus\u00e9e d'Orsay - Au C\u0153ur du CHR - Musiam\",\"isPartOf\":{\"@id\":\"https:\/\/musiam-paris.com\/en\/#website\"},\"primaryImageOfPage\":{\"@id\":\"https:\/\/musiam-paris.com\/en\/presse\/cafe-de-la-gare-new-dining-offering-at-the-musee-dorsay-au-coeur-du-chr\/#primaryimage\"},\"image\":{\"@id\":\"https:\/\/musiam-paris.com\/en\/presse\/cafe-de-la-gare-new-dining-offering-at-the-musee-dorsay-au-coeur-du-chr\/#primaryimage\"},\"thumbnailUrl\":\"https:\/\/musiam-paris.com\/wp-content\/uploads\/2024\/12\/CafeDeLaGare-8.jpg\",\"datePublished\":\"2023-06-21T09:57:11+00:00\",\"dateModified\":\"2025-09-24T11:56:57+00:00\",\"inLanguage\":\"en-US\",\"potentialAction\":[{\"@type\":\"ReadAction\",\"target\":[\"https:\/\/musiam-paris.com\/en\/presse\/cafe-de-la-gare-new-dining-offering-at-the-musee-dorsay-au-coeur-du-chr\/\"]}]},{\"@type\":\"ImageObject\",\"inLanguage\":\"en-US\",\"@id\":\"https:\/\/musiam-paris.com\/en\/presse\/cafe-de-la-gare-new-dining-offering-at-the-musee-dorsay-au-coeur-du-chr\/#primaryimage\",\"url\":\"https:\/\/musiam-paris.com\/wp-content\/uploads\/2024\/12\/CafeDeLaGare-8.jpg\",\"contentUrl\":\"https:\/\/musiam-paris.com\/wp-content\/uploads\/2024\/12\/CafeDeLaGare-8.jpg\",\"width\":1440,\"height\":960},{\"@type\":\"WebSite\",\"@id\":\"https:\/\/musiam-paris.com\/en\/#website\",\"url\":\"https:\/\/musiam-paris.com\/en\/\",\"name\":\"Musiam\",\"description\":\"\",\"potentialAction\":[{\"@type\":\"SearchAction\",\"target\":{\"@type\":\"EntryPoint\",\"urlTemplate\":\"https:\/\/musiam-paris.com\/en\/?s={search_term_string}\"},\"query-input\":{\"@type\":\"PropertyValueSpecification\",\"valueRequired\":true,\"valueName\":\"search_term_string\"}}],\"inLanguage\":\"en-US\"}]}<\/script>\n<!-- \/ Yoast SEO plugin. -->","yoast_head_json":{"title":"Caf\u00e9 de la Gare: New Dining Offering at the Mus\u00e9e d'Orsay - Au C\u0153ur du CHR - Musiam","robots":{"index":"index","follow":"follow","max-snippet":"max-snippet:-1","max-image-preview":"max-image-preview:large","max-video-preview":"max-video-preview:-1"},"canonical":"https:\/\/musiam-paris.com\/en\/presse\/cafe-de-la-gare-new-dining-offering-at-the-musee-dorsay-au-coeur-du-chr\/","og_locale":"en_US","og_type":"article","og_title":"Caf\u00e9 de la Gare: New Dining Offering at the Mus\u00e9e d'Orsay - Au C\u0153ur du CHR - Musiam","og_url":"https:\/\/musiam-paris.com\/en\/presse\/cafe-de-la-gare-new-dining-offering-at-the-musee-dorsay-au-coeur-du-chr\/","og_site_name":"Musiam","article_modified_time":"2025-09-24T11:56:57+00:00","og_image":[{"width":1440,"height":960,"url":"https:\/\/musiam-paris.com\/wp-content\/uploads\/2024\/12\/CafeDeLaGare-8.jpg","type":"image\/jpeg"}],"twitter_card":"summary_large_image","twitter_misc":{"Est. reading time":"1 minute"},"schema":{"@context":"https:\/\/schema.org","@graph":[{"@type":"WebPage","@id":"https:\/\/musiam-paris.com\/en\/presse\/cafe-de-la-gare-new-dining-offering-at-the-musee-dorsay-au-coeur-du-chr\/","url":"https:\/\/musiam-paris.com\/en\/presse\/cafe-de-la-gare-new-dining-offering-at-the-musee-dorsay-au-coeur-du-chr\/","name":"Caf\u00e9 de la Gare: New Dining Offering at the Mus\u00e9e d'Orsay - Au C\u0153ur du CHR - Musiam","isPartOf":{"@id":"https:\/\/musiam-paris.com\/en\/#website"},"primaryImageOfPage":{"@id":"https:\/\/musiam-paris.com\/en\/presse\/cafe-de-la-gare-new-dining-offering-at-the-musee-dorsay-au-coeur-du-chr\/#primaryimage"},"image":{"@id":"https:\/\/musiam-paris.com\/en\/presse\/cafe-de-la-gare-new-dining-offering-at-the-musee-dorsay-au-coeur-du-chr\/#primaryimage"},"thumbnailUrl":"https:\/\/musiam-paris.com\/wp-content\/uploads\/2024\/12\/CafeDeLaGare-8.jpg","datePublished":"2023-06-21T09:57:11+00:00","dateModified":"2025-09-24T11:56:57+00:00","inLanguage":"en-US","potentialAction":[{"@type":"ReadAction","target":["https:\/\/musiam-paris.com\/en\/presse\/cafe-de-la-gare-new-dining-offering-at-the-musee-dorsay-au-coeur-du-chr\/"]}]},{"@type":"ImageObject","inLanguage":"en-US","@id":"https:\/\/musiam-paris.com\/en\/presse\/cafe-de-la-gare-new-dining-offering-at-the-musee-dorsay-au-coeur-du-chr\/#primaryimage","url":"https:\/\/musiam-paris.com\/wp-content\/uploads\/2024\/12\/CafeDeLaGare-8.jpg","contentUrl":"https:\/\/musiam-paris.com\/wp-content\/uploads\/2024\/12\/CafeDeLaGare-8.jpg","width":1440,"height":960},{"@type":"WebSite","@id":"https:\/\/musiam-paris.com\/en\/#website","url":"https:\/\/musiam-paris.com\/en\/","name":"Musiam","description":"","potentialAction":[{"@type":"SearchAction","target":{"@type":"EntryPoint","urlTemplate":"https:\/\/musiam-paris.com\/en\/?s={search_term_string}"},"query-input":{"@type":"PropertyValueSpecification","valueRequired":true,"valueName":"search_term_string"}}],"inLanguage":"en-US"}]}},"_links":{"self":[{"href":"https:\/\/musiam-paris.com\/en\/wp-json\/wp\/v2\/presse\/3965","targetHints":{"allow":["GET"]}}],"collection":[{"href":"https:\/\/musiam-paris.com\/en\/wp-json\/wp\/v2\/presse"}],"about":[{"href":"https:\/\/musiam-paris.com\/en\/wp-json\/wp\/v2\/types\/presse"}],"wp:featuredmedia":[{"embeddable":true,"href":"https:\/\/musiam-paris.com\/en\/wp-json\/wp\/v2\/media\/803"}],"wp:attachment":[{"href":"https:\/\/musiam-paris.com\/en\/wp-json\/wp\/v2\/media?parent=3965"}],"wp:term":[{"taxonomy":"categorie-presse","embeddable":true,"href":"https:\/\/musiam-paris.com\/en\/wp-json\/wp\/v2\/categorie-presse?post=3965"}],"curies":[{"name":"wp","href":"https:\/\/api.w.org\/{rel}","templated":true}]}}